{"id":2444,"date":"2025-06-29T16:15:32","date_gmt":"2025-06-29T16:15:32","guid":{"rendered":"https:\/\/darkturquoise-dog-267182.hostingersite.com\/?p=2444"},"modified":"2025-07-09T14:57:46","modified_gmt":"2025-07-09T14:57:46","slug":"de-la-energia-silenciosa-al-alcance-mundial-refcenter-impresiona-a-los-visitantes-con-soluciones-sostenibles","status":"publish","type":"post","link":"https:\/\/refcenter.us\/es\/de-la-energia-silenciosa-al-alcance-mundial-refcenter-impresiona-a-los-visitantes-con-soluciones-sostenibles\/","title":{"rendered":"Del poder silencioso al alcance mundial: Refcenter impresiona a los visitantes con sus soluciones sostenibles"},"content":{"rendered":"<div data-elementor-type=\"wp-post\" data-elementor-id=\"2444\" class=\"elementor elementor-2444\" data-elementor-settings=\"{&quot;element_pack_global_tooltip_width&quot;:{&quot;unit&quot;:&quot;px&quot;,&quot;size&quot;:&quot;&quot;,&quot;sizes&quot;:[]},&quot;element_pack_global_tooltip_width_tablet&quot;:{&quot;unit&quot;:&quot;px&quot;,&quot;size&quot;:&quot;&quot;,&quot;sizes&quot;:[]},&quot;element_pack_global_tooltip_width_mobile&quot;:{&quot;unit&quot;:&quot;px&quot;,&quot;size&quot;:&quot;&quot;,&quot;sizes&quot;:[]},&quot;element_pack_global_tooltip_padding&quot;:{&quot;unit&quot;:&quot;px&quot;,&quot;top&quot;:&quot;&quot;,&quot;right&quot;:&quot;&quot;,&quot;bottom&quot;:&quot;&quot;,&quot;left&quot;:&quot;&quot;,&quot;isLinked&quot;:true},&quot;element_pack_global_tooltip_padding_tablet&quot;:{&quot;unit&quot;:&quot;px&quot;,&quot;top&quot;:&quot;&quot;,&quot;right&quot;:&quot;&quot;,&quot;bottom&quot;:&quot;&quot;,&quot;left&quot;:&quot;&quot;,&quot;isLinked&quot;:true},&quot;element_pack_global_tooltip_padding_mobile&quot;:{&quot;unit&quot;:&quot;px&quot;,&quot;top&quot;:&quot;&quot;,&quot;right&quot;:&quot;&quot;,&quot;bottom&quot;:&quot;&quot;,&quot;left&quot;:&quot;&quot;,&quot;isLinked&quot;:true},&quot;element_pack_global_tooltip_border_radius&quot;:{&quot;unit&quot;:&quot;px&quot;,&quot;top&quot;:&quot;&quot;,&quot;right&quot;:&quot;&quot;,&quot;bottom&quot;:&quot;&quot;,&quot;left&quot;:&quot;&quot;,&quot;isLinked&quot;:true},&quot;element_pack_global_tooltip_border_radius_tablet&quot;:{&quot;unit&quot;:&quot;px&quot;,&quot;top&quot;:&quot;&quot;,&quot;right&quot;:&quot;&quot;,&quot;bottom&quot;:&quot;&quot;,&quot;left&quot;:&quot;&quot;,&quot;isLinked&quot;:true},&quot;element_pack_global_tooltip_border_radius_mobile&quot;:{&quot;unit&quot;:&quot;px&quot;,&quot;top&quot;:&quot;&quot;,&quot;right&quot;:&quot;&quot;,&quot;bottom&quot;:&quot;&quot;,&quot;left&quot;:&quot;&quot;,&quot;isLinked&quot;:true}}\" data-elementor-post-type=\"post\">\n\t\t\t\t<div class=\"elementor-element elementor-element-6d20cc65 e-flex e-con-boxed e-con e-parent\" data-id=\"6d20cc65\" data-element_type=\"container\" data-e-type=\"container\">\n\t\t\t\t\t<div class=\"e-con-inner\">\n\t\t\t\t<div class=\"elementor-element elementor-element-3f160310 elementor-widget elementor-widget-text-editor\" data-id=\"3f160310\" data-element_type=\"widget\" data-e-type=\"widget\" data-widget_type=\"text-editor.default\">\n\t\t\t\t<div class=\"elementor-widget-container\">\n\t\t\t\t\t\t\t\t\t<p>Hemos pasado unos d\u00edas incre\u00edbles en la Exposici\u00f3n Internacional de Refrigeraci\u00f3n de Shanghai, y queremos dar las gracias a todos los que visitaron el stand E4E61 y apoyaron a Refcenter.<br \/><br \/>En la exposici\u00f3n de este a\u00f1o, presentamos con orgullo nuestras bombas de condensados de la serie Tranquil, incluido el nuevo modelo Tranquil-T, una bomba de condensados compacta y ultrasilenciosa que despert\u00f3 un gran inter\u00e9s entre los asistentes nacionales e internacionales.<\/p>\t\t\t\t\t\t\t\t<\/div>\n\t\t\t\t<\/div>\n\t\t\t\t<div class=\"elementor-element elementor-element-e9d48e0 elementor-widget elementor-widget-image\" data-id=\"e9d48e0\" data-element_type=\"widget\" data-e-type=\"widget\" data-widget_type=\"image.default\">\n\t\t\t\t<div class=\"elementor-widget-container\">\n\t\t\t\t\t\t\t\t\t\t\t\t\t\t\t<img loading=\"lazy\" decoding=\"async\" width=\"1125\" height=\"1500\" src=\"https:\/\/refcenter.us\/wp-content\/uploads\/2025\/06\/QQ\u037c\u01ac20250428085311-2.jpg\" class=\"attachment-large size-large wp-image-2446\" alt=\"\" srcset=\"https:\/\/refcenter.us\/wp-content\/uploads\/2025\/06\/QQ\u037c\u01ac20250428085311-2.jpg 1125w, https:\/\/refcenter.us\/wp-content\/uploads\/2025\/06\/QQ\u037c\u01ac20250428085311-2-8x10.jpg 8w\" sizes=\"auto, (max-width: 1125px) 100vw, 1125px\" \/>\t\t\t\t\t\t\t\t\t\t\t\t\t\t\t<\/div>\n\t\t\t\t<\/div>\n\t\t\t\t<div class=\"elementor-element elementor-element-7f3f74d elementor-widget elementor-widget-text-editor\" data-id=\"7f3f74d\" data-element_type=\"widget\" data-e-type=\"widget\" data-widget_type=\"text-editor.default\">\n\t\t\t\t<div class=\"elementor-widget-container\">\n\t\t\t\t\t\t\t\t\t<p>Entre lo m\u00e1s destacado de la exposici\u00f3n cabe citar:<br \/><br \/>\ud83d\udca7 Debut de Tranquil-T: Nuestra bomba m\u00e1s reciente, dise\u00f1ada para un funcionamiento discreto en sistemas minisplit<br \/><br \/>\ud83d\udd04 Demostraciones en directo de la tecnolog\u00eda de interruptor de flotador inteligente y de las caracter\u00edsticas de dise\u00f1o modular<br \/><br \/>\ud83d\udee0\ufe0f Ampliaci\u00f3n de la l\u00ednea de productos: Ampliamos oficialmente nuestra cartera para incluir soluciones de condensado m\u00e1s completas, compatibles con aplicaciones de calefacci\u00f3n, ventilaci\u00f3n y aire acondicionado residenciales y comerciales.<br \/><br \/>\ud83c\udf31 Gran respuesta a nuestro compromiso con la sostenibilidad: Los visitantes mostraron un inter\u00e9s creciente por los sistemas de drenaje ecol\u00f3gicos y energ\u00e9ticamente eficientes<br \/><br \/>Los comentarios positivos y las valiosas conversaciones reafirman nuestra misi\u00f3n de aportar soluciones de bombas de condensado m\u00e1s inteligentes, silenciosas y ecol\u00f3gicas al sector global de la climatizaci\u00f3n.<br \/><br \/>Estamos agradecidos por las conexiones establecidas y esperamos colaborar con nuevos socios en Asia, Europa y Am\u00e9rica. Est\u00e9n atentos a las pr\u00f3ximas innovaciones de Refcenter.<\/p>\t\t\t\t\t\t\t\t<\/div>\n\t\t\t\t<\/div>\n\t\t\t\t\t<\/div>\n\t\t\t\t<\/div>\n\t\t\t\t<\/div>","protected":false},"excerpt":{"rendered":"<p>We had an incredible few days at the Shanghai International Refrigeration Expo, and we want to thank everyone who visited Booth E4E61 and supported Refcenter!&#8230;<\/p>","protected":false},"author":1,"featured_media":2445,"comment_status":"open","ping_status":"open","sticky":false,"template":"","format":"standard","meta":{"footnotes":""},"categories":[1],"tags":[],"class_list":["post-2444","post","type-post","status-publish","format-standard","has-post-thumbnail","hentry","category-blog"],"_links":{"self":[{"href":"https:\/\/refcenter.us\/es\/wp-json\/wp\/v2\/posts\/2444","targetHints":{"allow":["GET"]}}],"collection":[{"href":"https:\/\/refcenter.us\/es\/wp-json\/wp\/v2\/posts"}],"about":[{"href":"https:\/\/refcenter.us\/es\/wp-json\/wp\/v2\/types\/post"}],"author":[{"embeddable":true,"href":"https:\/\/refcenter.us\/es\/wp-json\/wp\/v2\/users\/1"}],"replies":[{"embeddable":true,"href":"https:\/\/refcenter.us\/es\/wp-json\/wp\/v2\/comments?post=2444"}],"version-history":[{"count":7,"href":"https:\/\/refcenter.us\/es\/wp-json\/wp\/v2\/posts\/2444\/revisions"}],"predecessor-version":[{"id":2626,"href":"https:\/\/refcenter.us\/es\/wp-json\/wp\/v2\/posts\/2444\/revisions\/2626"}],"wp:featuredmedia":[{"embeddable":true,"href":"https:\/\/refcenter.us\/es\/wp-json\/wp\/v2\/media\/2445"}],"wp:attachment":[{"href":"https:\/\/refcenter.us\/es\/wp-json\/wp\/v2\/media?parent=2444"}],"wp:term":[{"taxonomy":"category","embeddable":true,"href":"https:\/\/refcenter.us\/es\/wp-json\/wp\/v2\/categories?post=2444"},{"taxonomy":"post_tag","embeddable":true,"href":"https:\/\/refcenter.us\/es\/wp-json\/wp\/v2\/tags?post=2444"}],"curies":[{"name":"wp","href":"https:\/\/api.w.org\/{rel}","templated":true}]}}