{"id":2444,"date":"2025-06-29T16:15:32","date_gmt":"2025-06-29T16:15:32","guid":{"rendered":"https:\/\/darkturquoise-dog-267182.hostingersite.com\/?p=2444"},"modified":"2025-07-09T14:57:46","modified_gmt":"2025-07-09T14:57:46","slug":"de-la-puissance-silencieuse-a-la-portee-mondiale-le-refcenter-impressionne-les-visiteurs-par-ses-solutions-durables","status":"publish","type":"post","link":"https:\/\/refcenter.us\/fr\/de-la-puissance-silencieuse-a-la-portee-mondiale-le-refcenter-impressionne-les-visiteurs-par-ses-solutions-durables\/","title":{"rendered":"De la puissance tranquille \u00e0 la port\u00e9e mondiale : Le Refcenter impressionne les visiteurs par ses solutions durables"},"content":{"rendered":"<div data-elementor-type=\"wp-post\" data-elementor-id=\"2444\" class=\"elementor elementor-2444\" data-elementor-settings=\"{&quot;element_pack_global_tooltip_width&quot;:{&quot;unit&quot;:&quot;px&quot;,&quot;size&quot;:&quot;&quot;,&quot;sizes&quot;:[]},&quot;element_pack_global_tooltip_width_tablet&quot;:{&quot;unit&quot;:&quot;px&quot;,&quot;size&quot;:&quot;&quot;,&quot;sizes&quot;:[]},&quot;element_pack_global_tooltip_width_mobile&quot;:{&quot;unit&quot;:&quot;px&quot;,&quot;size&quot;:&quot;&quot;,&quot;sizes&quot;:[]},&quot;element_pack_global_tooltip_padding&quot;:{&quot;unit&quot;:&quot;px&quot;,&quot;top&quot;:&quot;&quot;,&quot;right&quot;:&quot;&quot;,&quot;bottom&quot;:&quot;&quot;,&quot;left&quot;:&quot;&quot;,&quot;isLinked&quot;:true},&quot;element_pack_global_tooltip_padding_tablet&quot;:{&quot;unit&quot;:&quot;px&quot;,&quot;top&quot;:&quot;&quot;,&quot;right&quot;:&quot;&quot;,&quot;bottom&quot;:&quot;&quot;,&quot;left&quot;:&quot;&quot;,&quot;isLinked&quot;:true},&quot;element_pack_global_tooltip_padding_mobile&quot;:{&quot;unit&quot;:&quot;px&quot;,&quot;top&quot;:&quot;&quot;,&quot;right&quot;:&quot;&quot;,&quot;bottom&quot;:&quot;&quot;,&quot;left&quot;:&quot;&quot;,&quot;isLinked&quot;:true},&quot;element_pack_global_tooltip_border_radius&quot;:{&quot;unit&quot;:&quot;px&quot;,&quot;top&quot;:&quot;&quot;,&quot;right&quot;:&quot;&quot;,&quot;bottom&quot;:&quot;&quot;,&quot;left&quot;:&quot;&quot;,&quot;isLinked&quot;:true},&quot;element_pack_global_tooltip_border_radius_tablet&quot;:{&quot;unit&quot;:&quot;px&quot;,&quot;top&quot;:&quot;&quot;,&quot;right&quot;:&quot;&quot;,&quot;bottom&quot;:&quot;&quot;,&quot;left&quot;:&quot;&quot;,&quot;isLinked&quot;:true},&quot;element_pack_global_tooltip_border_radius_mobile&quot;:{&quot;unit&quot;:&quot;px&quot;,&quot;top&quot;:&quot;&quot;,&quot;right&quot;:&quot;&quot;,&quot;bottom&quot;:&quot;&quot;,&quot;left&quot;:&quot;&quot;,&quot;isLinked&quot;:true}}\" data-elementor-post-type=\"post\">\n\t\t\t\t<div class=\"elementor-element elementor-element-6d20cc65 e-flex e-con-boxed e-con e-parent\" data-id=\"6d20cc65\" data-element_type=\"container\" data-e-type=\"container\">\n\t\t\t\t\t<div class=\"e-con-inner\">\n\t\t\t\t<div class=\"elementor-element elementor-element-3f160310 elementor-widget elementor-widget-text-editor\" data-id=\"3f160310\" data-element_type=\"widget\" data-e-type=\"widget\" data-widget_type=\"text-editor.default\">\n\t\t\t\t<div class=\"elementor-widget-container\">\n\t\t\t\t\t\t\t\t\t<p>Nous avons pass\u00e9 quelques jours incroyables \u00e0 l'exposition internationale de la r\u00e9frig\u00e9ration de Shanghai, et nous tenons \u00e0 remercier tous ceux qui ont visit\u00e9 le stand E4E61 et soutenu Refcenter !<br \/><br \/>Lors de l'exposition de cette ann\u00e9e, nous avons fi\u00e8rement pr\u00e9sent\u00e9 nos pompes \u00e0 condensat de la s\u00e9rie Tranquil, y compris le nouveau mod\u00e8le Tranquil-T, une pompe \u00e0 condensat compacte et ultra-silencieuse qui a suscit\u00e9 un vif int\u00e9r\u00eat de la part des participants nationaux et internationaux.<\/p>\t\t\t\t\t\t\t\t<\/div>\n\t\t\t\t<\/div>\n\t\t\t\t<div class=\"elementor-element elementor-element-e9d48e0 elementor-widget elementor-widget-image\" data-id=\"e9d48e0\" data-element_type=\"widget\" data-e-type=\"widget\" data-widget_type=\"image.default\">\n\t\t\t\t<div class=\"elementor-widget-container\">\n\t\t\t\t\t\t\t\t\t\t\t\t\t\t\t<img loading=\"lazy\" decoding=\"async\" width=\"1125\" height=\"1500\" src=\"https:\/\/refcenter.us\/wp-content\/uploads\/2025\/06\/QQ\u037c\u01ac20250428085311-2.jpg\" class=\"attachment-large size-large wp-image-2446\" alt=\"\" srcset=\"https:\/\/refcenter.us\/wp-content\/uploads\/2025\/06\/QQ\u037c\u01ac20250428085311-2.jpg 1125w, https:\/\/refcenter.us\/wp-content\/uploads\/2025\/06\/QQ\u037c\u01ac20250428085311-2-8x10.jpg 8w\" sizes=\"auto, (max-width: 1125px) 100vw, 1125px\" \/>\t\t\t\t\t\t\t\t\t\t\t\t\t\t\t<\/div>\n\t\t\t\t<\/div>\n\t\t\t\t<div class=\"elementor-element elementor-element-7f3f74d elementor-widget elementor-widget-text-editor\" data-id=\"7f3f74d\" data-element_type=\"widget\" data-e-type=\"widget\" data-widget_type=\"text-editor.default\">\n\t\t\t\t<div class=\"elementor-widget-container\">\n\t\t\t\t\t\t\t\t\t<p>Parmi les points forts de l'exposition, on peut citer<br \/><br \/>\ud83d\udca7 D\u00e9but du Tranquil-T : Notre toute nouvelle pompe, con\u00e7ue pour un fonctionnement discret dans les syst\u00e8mes mini-split.<br \/><br \/>\ud83d\udd04 D\u00e9monstrations en direct de la technologie des interrupteurs \u00e0 flotteur intelligents et des caract\u00e9ristiques de conception modulaire<br \/><br \/>\ud83d\udee0\ufe0f Extension de la gamme de produits : Nous avons officiellement \u00e9largi notre gamme pour inclure des solutions de condensats plus compl\u00e8tes, pour les applications CVC r\u00e9sidentielles et commerciales.<br \/><br \/>\ud83c\udf31 Forte r\u00e9ponse \u00e0 notre engagement en faveur du d\u00e9veloppement durable : Les visiteurs ont montr\u00e9 un int\u00e9r\u00eat croissant pour les syst\u00e8mes de drainage \u00e9cologiques et \u00e9conomes en \u00e9nergie.<br \/><br \/>Les r\u00e9actions positives et les conversations int\u00e9ressantes r\u00e9affirment notre mission qui est d'apporter des solutions de pompes \u00e0 condensat plus intelligentes, plus silencieuses et plus \u00e9cologiques \u00e0 l'industrie mondiale du chauffage, de la ventilation et de la climatisation.<br \/><br \/>Nous sommes reconnaissants des liens \u00e9tablis et nous nous r\u00e9jouissons de collaborer avec de nouveaux partenaires en Asie, en Europe et dans les Am\u00e9riques. Restez \u00e0 l'\u00e9coute pour d'autres innovations de Refcenter !<\/p>\t\t\t\t\t\t\t\t<\/div>\n\t\t\t\t<\/div>\n\t\t\t\t\t<\/div>\n\t\t\t\t<\/div>\n\t\t\t\t<\/div>","protected":false},"excerpt":{"rendered":"<p>We had an incredible few days at the Shanghai International Refrigeration Expo, and we want to thank everyone who visited Booth E4E61 and supported Refcenter!&#8230;<\/p>","protected":false},"author":1,"featured_media":2445,"comment_status":"open","ping_status":"open","sticky":false,"template":"","format":"standard","meta":{"footnotes":""},"categories":[1],"tags":[],"class_list":["post-2444","post","type-post","status-publish","format-standard","has-post-thumbnail","hentry","category-blog"],"_links":{"self":[{"href":"https:\/\/refcenter.us\/fr\/wp-json\/wp\/v2\/posts\/2444","targetHints":{"allow":["GET"]}}],"collection":[{"href":"https:\/\/refcenter.us\/fr\/wp-json\/wp\/v2\/posts"}],"about":[{"href":"https:\/\/refcenter.us\/fr\/wp-json\/wp\/v2\/types\/post"}],"author":[{"embeddable":true,"href":"https:\/\/refcenter.us\/fr\/wp-json\/wp\/v2\/users\/1"}],"replies":[{"embeddable":true,"href":"https:\/\/refcenter.us\/fr\/wp-json\/wp\/v2\/comments?post=2444"}],"version-history":[{"count":7,"href":"https:\/\/refcenter.us\/fr\/wp-json\/wp\/v2\/posts\/2444\/revisions"}],"predecessor-version":[{"id":2626,"href":"https:\/\/refcenter.us\/fr\/wp-json\/wp\/v2\/posts\/2444\/revisions\/2626"}],"wp:featuredmedia":[{"embeddable":true,"href":"https:\/\/refcenter.us\/fr\/wp-json\/wp\/v2\/media\/2445"}],"wp:attachment":[{"href":"https:\/\/refcenter.us\/fr\/wp-json\/wp\/v2\/media?parent=2444"}],"wp:term":[{"taxonomy":"category","embeddable":true,"href":"https:\/\/refcenter.us\/fr\/wp-json\/wp\/v2\/categories?post=2444"},{"taxonomy":"post_tag","embeddable":true,"href":"https:\/\/refcenter.us\/fr\/wp-json\/wp\/v2\/tags?post=2444"}],"curies":[{"name":"wp","href":"https:\/\/api.w.org\/{rel}","templated":true}]}}